{"id":2012,"date":"2018-05-08T04:09:50","date_gmt":"2018-05-08T07:09:50","guid":{"rendered":"http:\/\/localhost\/wordpress8\/?p=203"},"modified":"2023-05-03T00:13:46","modified_gmt":"2023-05-03T03:13:46","slug":"lorem-ipsum-dolor-sit-amet-consectetur-adipiscing","status":"publish","type":"post","link":"https:\/\/www.alphatek.com.br\/index.php\/2018\/05\/08\/lorem-ipsum-dolor-sit-amet-consectetur-adipiscing\/","title":{"rendered":"Alphatek \u00e9 destaque no programa Mundo Empresarial"},"content":{"rendered":"<p>A Alphatek est\u00e1 orgulhosa em marcar presen\u00e7a no programa Mundo Empresarial, que tem como objetivo trazer as hist\u00f3rias de sucesso das empresas brasileiras para o p\u00fablico. Estamos animados em compartilhar nossa trajet\u00f3ria de crescimento e inova\u00e7\u00e3o, e como estamos ajudando a transformar o setor de saneamento e infraestrutura no pa\u00eds. N\u00e3o perca a oportunidade de conferir a nossa participa\u00e7\u00e3o e aprender mais sobre a Alphatek e o que temos a oferecer!<\/p>\n<p><iframe loading=\"lazy\" title=\"ALPHATEK ENGENHARIA - SUMAR\u00c9\/SP - MUNDO EMPRESARIAL\" width=\"900\" height=\"506\" src=\"https:\/\/www.youtube.com\/embed\/jx5AT_pSgWM?feature=oembed\" frameborder=\"0\" allow=\"accelerometer; autoplay; clipboard-write; encrypted-media; gyroscope; picture-in-picture; web-share\" allowfullscreen><\/iframe><\/p>\n<p>O programaN\u00e3o \u00e9 sobre ter ideias, \u00e9 sobre fazer acontecer apresenta uma entrevista com o diretor executivo da Alphatek Engenharia, onde ele discute sobre os principais servi\u00e7os oferecidos pela empresa e como a tecnologia tem sido utilizada para melhorar processos e aumentar a efici\u00eancia operacional. Com uma abordagem clara e direta, o v\u00eddeo \u00e9 uma excelente fonte de informa\u00e7\u00e3o para aqueles que desejam conhecer mais sobre a Alphatek e suas solu\u00e7\u00f5es inovadoras para os setores de \u00e1gua e esgoto.<\/p>\n<blockquote><p>&#8220;N\u00e3o \u00e9 sobre ter ideias, \u00e9 sobre fazer acontecer!&#8221;<\/p><\/blockquote>\n<p>Via: Alphatek Engenharia<\/p>\n","protected":false},"excerpt":{"rendered":"<p>A Alphatek est\u00e1 orgulhosa em marcar presen\u00e7a no programa Mundo Empresarial, que tem como objetivo trazer as hist\u00f3rias de sucesso das empresas brasileiras para o p\u00fablico. Estamos animados em compartilhar nossa trajet\u00f3ria de crescimento e inova\u00e7\u00e3o, e como estamos ajudando a transformar o setor de saneamento e infraestrutura no pa\u00eds. N\u00e3o perca a oportunidade de [&hellip;]<\/p>\n","protected":false},"author":1,"featured_media":2502,"comment_status":"closed","ping_status":"closed","sticky":false,"template":"","format":"video","meta":{"_themeisle_gutenberg_block_has_review":false,"footnotes":""},"categories":[8],"tags":[21,12],"class_list":["post-2012","post","type-post","status-publish","format-video","has-post-thumbnail","hentry","category-noticias-eventos","tag-talentos","tag-video","post_format-post-format-video"],"acf":[],"_links":{"self":[{"href":"https:\/\/www.alphatek.com.br\/index.php\/wp-json\/wp\/v2\/posts\/2012","targetHints":{"allow":["GET"]}}],"collection":[{"href":"https:\/\/www.alphatek.com.br\/index.php\/wp-json\/wp\/v2\/posts"}],"about":[{"href":"https:\/\/www.alphatek.com.br\/index.php\/wp-json\/wp\/v2\/types\/post"}],"author":[{"embeddable":true,"href":"https:\/\/www.alphatek.com.br\/index.php\/wp-json\/wp\/v2\/users\/1"}],"replies":[{"embeddable":true,"href":"https:\/\/www.alphatek.com.br\/index.php\/wp-json\/wp\/v2\/comments?post=2012"}],"version-history":[{"count":2,"href":"https:\/\/www.alphatek.com.br\/index.php\/wp-json\/wp\/v2\/posts\/2012\/revisions"}],"predecessor-version":[{"id":2504,"href":"https:\/\/www.alphatek.com.br\/index.php\/wp-json\/wp\/v2\/posts\/2012\/revisions\/2504"}],"wp:featuredmedia":[{"embeddable":true,"href":"https:\/\/www.alphatek.com.br\/index.php\/wp-json\/wp\/v2\/media\/2502"}],"wp:attachment":[{"href":"https:\/\/www.alphatek.com.br\/index.php\/wp-json\/wp\/v2\/media?parent=2012"}],"wp:term":[{"taxonomy":"category","embeddable":true,"href":"https:\/\/www.alphatek.com.br\/index.php\/wp-json\/wp\/v2\/categories?post=2012"},{"taxonomy":"post_tag","embeddable":true,"href":"https:\/\/www.alphatek.com.br\/index.php\/wp-json\/wp\/v2\/tags?post=2012"}],"curies":[{"name":"wp","href":"https:\/\/api.w.org\/{rel}","templated":true}]}}